{"id":200,"date":"2024-03-15T16:10:22","date_gmt":"2024-03-15T15:10:22","guid":{"rendered":"https:\/\/gkkommunikation.se\/?p=200"},"modified":"2024-03-15T18:55:57","modified_gmt":"2024-03-15T17:55:57","slug":"helt-oumbarlig-eller-totalt-onodig","status":"publish","type":"post","link":"http:\/\/gkkommunikation.se\/?p=200","title":{"rendered":"Helt oumb\u00e4rlig eller totalt on\u00f6dig?"},"content":{"rendered":"\n<p><strong>Att arbeta med kommunikation i en organisation kan inneb\u00e4ra att vara den som&nbsp;utvecklar och implementerar organisationens strategier eller att vara den som publicerar inl\u00e4gg p\u00e5 Instagram. Och allt d\u00e4remellan. Inte undra p\u00e5 att det uppst\u00e5r f\u00f6rdomar, missf\u00f6rst\u00e5nd och oklarheter. Vad kan vi g\u00f6ra \u00e5t detta?<\/strong><\/p>\n\n\n\n<p>Du har troligen uppt\u00e4ckt att det diskuteras en hel del i media kring kommunikat\u00f6rsyrket. Ena dagen on\u00f6digf\u00f6rklaras rollen. Ett exempel \u00e4r <a href=\"https:\/\/www.gp.se\/59f803fe-a3f5-4ffc-b559-28e396cf0e27\" title=\"\">en ins\u00e4ndare i G\u00f6teborgsposten 2024-03-12 <\/a>som bland annat skriver: \u201d<em>F\u00f6r att travestera Shakespeare: \u201dSomething is rotten in the city of Gothenburg\u201d. Kommunala kommunikat\u00f6rer kostar m\u00e5nga miljoner kronor varje \u00e5r av v\u00e5ra skattepengar<\/em>.\u201d<\/p>\n\n\n\n<p>Andra dagen verkar det inte finnas n\u00e5gra gr\u00e4nser f\u00f6r vad en enda person kan utr\u00e4tta. <a href=\"https:\/\/www.resume.se\/opinion\/debatt\/nar-slutar-vi-medvetet-sjukskriva-sveriges-kommunikatorer\/\" title=\"\">En debattartikel i Dagens Resum\u00e9 2024-03-14<\/a> skriver \u201d<em>Hur mycket arbete g\u00e5r det egentligen att kl\u00e4mma ur en kommunikat\u00f6r?<\/em>\u201d och visar p\u00e5 en jobbannons d\u00e4r en halvtidsanst\u00e4lld kommunikat\u00f6r f\u00f6rv\u00e4ntas uppr\u00e4tth\u00e5lla fem tj\u00e4nster \u2013 som projektledare, social mediaredakt\u00f6r, webbredakt\u00f6r, inneh\u00e5llsproducent och pressansvarig.<\/p>\n\n\n\n<p>Den nyutkomna slutrapporten fr\u00e5n Lunds universitet&nbsp;<a href=\"https:\/\/lucris.lub.lu.se\/ws\/portalfiles\/portal\/170870581\/Slutrapport_KOO_2024.pdf\">Kommunikativa offentliga organisationer \u2013 Strategisk kommunikation som bygger relationer och f\u00f6rtroende<\/a> lyfter tio viktiga punkter f\u00f6r en organisation. Den tredje punkten lyder: &#8221;<em>Uppr\u00e4tth\u00e5ll ett reflekterande samtal om professionen!<\/em>&#8221; I rapporten \u00e4r f\u00f6rfattarna f\u00f6rv\u00e5nade \u00f6ver att det i de unders\u00f6kta organisationerna \u00e4r ovanligt med interna diskussioner kring hur professionen ska kunna f\u00f6rb\u00e4ttras och utvecklas.<\/p>\n\n\n\n<h2 class=\"wp-block-heading\">Rollerna \u00e4r f\u00f6r otydliga<\/h2>\n\n\n\n<p>N\u00e4r jag ser de h\u00e4r tre inspelen s\u00e5 st\u00e5r det klart f\u00f6r mig att olika personer har olika uppfattningar\/f\u00f6rdomar om vad en kommunikat\u00f6r \u00e4r och g\u00f6r. De som g\u00e5r under yrkesbeteckningen kommunikat\u00f6rer kan till exempel vara kommunikationschefer, webbredakt\u00f6rer, produktchefer, skribenter, organisationsutvecklare, projektledare, sociala medie-redakt\u00f6rer, marknadsf\u00f6rare, filmare, f\u00f6retagsledare, poddskapare, presskontakter, mellanchefer, strateger, inneh\u00e5llsproducenter med mera. Deras arbetsuppgifter kan handla om att ha en djup f\u00f6rst\u00e5else f\u00f6r samtliga kommunikativa processer inom och runt hela organisationen likv\u00e4l som att hantera ett enda specialomr\u00e5de. En kommunikat\u00f6r kan helt sakna eftergymnasial utbildning eller ha m\u00e5nga \u00e5rs universitetsutbildning.<\/p>\n\n\n\n<p>Och naturligtvis varierar det ocks\u00e5 inom de olika utbildningarna. En examen inom medie- och kommunikationsvetenskap kan variera lite beroende p\u00e5 h\u00f6gskola\/universitet, men ofta handlar det om analyser, rekommendationer och m\u00e5ls\u00e4ttningar g\u00e4llande organisationers kommunikationsarbete inklusive ledarskap och organisationsutveckling. Det finns ocks\u00e5 program som fokuserar p\u00e5 exempelvis filmproduktion, medieproduktion eller spr\u00e5k och retorik. YH-utbildningar i \u00e4mnet handlar ofta om praktiska f\u00e4rdigheter som exempelvis att anv\u00e4nda sociala medier och att skapa och genomf\u00f6ra digitala kampanjer.<\/p>\n\n\n\n<h2 class=\"wp-block-heading\">En alldeles f\u00f6r bred yrkestitel<\/h2>\n\n\n\n<p>Med andra ord \u00e4r \u201dkommunikat\u00f6r\u201d en alldeles f\u00f6r bred yrkestitel. Det vore som att kalla alla som \u00e4r involverade i ett stort byggprojekt f\u00f6r \u201dbyggare\u201d oberoende av om de \u00e4r arkitekter, besiktare, snickare, byggingenj\u00f6rer, plattl\u00e4ggare, projekterare, arbetsledare, r\u00f6rl\u00e4ggare, byggplatschefer, gr\u00e4vmaskinister eller ink\u00f6pare. Och att samtidigt f\u00f6rv\u00e4nta sig att samtliga dessa yrkesroller s\u00f6ml\u00f6st skulle kunna utf\u00f6ra varandras jobb, och det helst p\u00e5 deltid eftersom det inte beh\u00f6vs s\u00e5 m\u00e5nga \u201dbyggare\u201d\u2026<\/p>\n\n\n\n<h2 class=\"wp-block-heading\">Anv\u00e4nd tydligare yrkestitlar<\/h2>\n\n\n\n<p>I st\u00e4llet f\u00f6r att anv\u00e4nda det svepande \u201dkommunikat\u00f6r\u201d f\u00f6r alla som p\u00e5 n\u00e5got s\u00e4tt arbetar med n\u00e5got som m\u00f6jligen skulle kunna associeras med n\u00e5got som kan kallas kommunikation borde vi vara tydligare med vad just den aktuella yrkesrollen inneh\u00e5ller. Det underl\u00e4ttar samarbetet p\u00e5 alla niv\u00e5er och f\u00f6rebygger f\u00f6rdomar och missf\u00f6rst\u00e5nd. &nbsp;<\/p>\n\n\n\n<p>Rapporten <a href=\"https:\/\/lucris.lub.lu.se\/ws\/portalfiles\/portal\/170870581\/Slutrapport_KOO_2024.pdf\">Kommunikativa offentliga organisationer \u2013 Strategisk kommunikation som bygger relationer och f\u00f6rtroende<\/a> lyfter ett antal fr\u00e5gest\u00e4llningar kring vad som \u00e4r m\u00e5let med kommunikat\u00f6rernas verksamhet, vem som b\u00f6r kallas kommunikat\u00f6r, vad det inneb\u00e4r att vara kommunikat\u00f6r, kommunikat\u00f6rernas placering i organisationen och vilken roll forskningsresultat inom strategisk kommunikation, ledarskap och organisationsstudier spelar.<\/p>\n\n\n\n<p>Jag tror som sagt att det blir mycket enklare om vi b\u00f6rjar med att klarg\u00f6ra de olika rollerna, bland annat genom att vara tydliga med vad som \u00e4r strategiskt och vad som \u00e4r operativt arbete. <\/p>\n","protected":false},"excerpt":{"rendered":"<p>Att arbeta med kommunikation i en organisation kan inneb\u00e4ra att vara den som&nbsp;utvecklar och implementerar organisationens strategier eller att vara den som publicerar inl\u00e4gg p\u00e5 Instagram. Och allt d\u00e4remellan. Inte undra p\u00e5 att det uppst\u00e5r f\u00f6rdomar, missf\u00f6rst\u00e5nd och oklarheter. Vad kan vi g\u00f6ra \u00e5t detta? Du har troligen uppt\u00e4ckt att det diskuteras en hel del [&hellip;]<\/p>\n","protected":false},"author":1,"featured_media":54,"comment_status":"open","ping_status":"open","sticky":false,"template":"","format":"standard","meta":{"_monsterinsights_skip_tracking":false,"_monsterinsights_sitenote_active":false,"_monsterinsights_sitenote_note":"","_monsterinsights_sitenote_category":0,"_uf_show_specific_survey":0,"_uf_disable_surveys":false,"footnotes":""},"categories":[17],"tags":[],"class_list":["post-200","post","type-post","status-publish","format-standard","has-post-thumbnail","hentry","category-strategisk-kommunikation"],"aioseo_notices":[],"_links":{"self":[{"href":"http:\/\/gkkommunikation.se\/index.php?rest_route=\/wp\/v2\/posts\/200"}],"collection":[{"href":"http:\/\/gkkommunikation.se\/index.php?rest_route=\/wp\/v2\/posts"}],"about":[{"href":"http:\/\/gkkommunikation.se\/index.php?rest_route=\/wp\/v2\/types\/post"}],"author":[{"embeddable":true,"href":"http:\/\/gkkommunikation.se\/index.php?rest_route=\/wp\/v2\/users\/1"}],"replies":[{"embeddable":true,"href":"http:\/\/gkkommunikation.se\/index.php?rest_route=%2Fwp%2Fv2%2Fcomments&post=200"}],"version-history":[{"count":6,"href":"http:\/\/gkkommunikation.se\/index.php?rest_route=\/wp\/v2\/posts\/200\/revisions"}],"predecessor-version":[{"id":209,"href":"http:\/\/gkkommunikation.se\/index.php?rest_route=\/wp\/v2\/posts\/200\/revisions\/209"}],"wp:featuredmedia":[{"embeddable":true,"href":"http:\/\/gkkommunikation.se\/index.php?rest_route=\/wp\/v2\/media\/54"}],"wp:attachment":[{"href":"http:\/\/gkkommunikation.se\/index.php?rest_route=%2Fwp%2Fv2%2Fmedia&parent=200"}],"wp:term":[{"taxonomy":"category","embeddable":true,"href":"http:\/\/gkkommunikation.se\/index.php?rest_route=%2Fwp%2Fv2%2Fcategories&post=200"},{"taxonomy":"post_tag","embeddable":true,"href":"http:\/\/gkkommunikation.se\/index.php?rest_route=%2Fwp%2Fv2%2Ftags&post=200"}],"curies":[{"name":"wp","href":"https:\/\/api.w.org\/{rel}","templated":true}]}}