{"id":157,"date":"2024-02-17T10:30:26","date_gmt":"2024-02-17T09:30:26","guid":{"rendered":"https:\/\/gkkommunikation.se\/?p=157"},"modified":"2024-02-22T09:30:10","modified_gmt":"2024-02-22T08:30:10","slug":"sa-kan-du-styra-algoritmerna","status":"publish","type":"post","link":"https:\/\/gkkommunikation.se\/?p=157","title":{"rendered":"S\u00e5 kan du styra algoritmerna"},"content":{"rendered":"\n<p><strong>Du kanske t\u00e4nker att du blir styrd av algoritmer &#8211; men i sj\u00e4lva verket har DU stora m\u00f6jligheter att p\u00e5verka vad som ska visas.<\/strong><\/p>\n\n\n\n<h2 class=\"wp-block-heading\">F\u00f6rst och fr\u00e4mst: Vad \u00e4r en algoritm?<\/h2>\n\n\n\n<p>I sociala och digitala medier \u00e4r det en samling regler som v\u00e4ljer ut vad som ska visas f\u00f6r just dig. Det p\u00e5verkas till mycket stor del av vad du visat intresse f\u00f6r tidigare. Du beh\u00f6ver inte ens ha gillat eller klickat &#8211; det kan r\u00e4cka med att du stannat upp i ditt scrollande en aningen l\u00e4ngre stund. Vad som visas i ditt fl\u00f6de beror ocks\u00e5 p\u00e5 vad dina v\u00e4nner eller personer som p\u00e5 n\u00e5got annat s\u00e4tt liknar dig (kan vara geografi, intressen, \u00e5lder etc) i sin tur har visat intresse f\u00f6r.<\/p>\n\n\n\n<h2 class=\"wp-block-heading\">Negativa nyheter prioriteras<\/h2>\n\n\n\n<p>Vi m\u00e4nniskor verkar dras till negativa nyheter och konflikter. Det leder till att de som producerar nyheter g\u00e4rna lyfter fram konflikter eftersom det ger mer klick, och i sin tur \u00f6kade int\u00e4kter.<\/p>\n\n\n\n<p>Och algoritmerna h\u00e4nger p\u00e5 och f\u00f6rst\u00e4rker effekten, det blir mer av det som folk klickar p\u00e5. Prova att g\u00f6ra en egen unders\u00f6kning: F\u00f6lj under 2-3 dagar n\u00e5gra av dina vanliga nyhetskanaler. Fundera p\u00e5 hur politik och andra h\u00e4ndelser beskrivs. Hur ofta handlar det om negativa saker, konflikter och starka ord, till och med personliga p\u00e5hopp? Hur ofta handlar det om positiva saker, v\u00e4l fungerande l\u00f6sningar eller konstruktiva f\u00f6rslag?<\/p>\n\n\n\n<h2 class=\"wp-block-heading\">Vad kan du g\u00f6ra?<\/h2>\n\n\n\n<p>Egentligen \u00e4r det enkelt. I ditt digitala fl\u00f6de v\u00e4ljer du inte bara s\u00e5dant som du blir triggad eller uppr\u00f6rd av, utan \u00e4ven s\u00e5dant som handlar om konstruktiva diskussioner och som lyfter den komplexitet som v\u00e5rt samh\u00e4lle bygger p\u00e5.<\/p>\n\n\n\n<p>Ju fler vi \u00e4r som aktivt v\u00e4ljer bort att \u00e4gna tid och klick \u00e5t f\u00f6renklingar, personangrepp och hatretorik, desto mindre bel\u00f6ning f\u00e5r de som \u00e4gnar sig \u00e5t det. Ju fler vi \u00e4r som v\u00e4ljer att \u00e4gna tid och klick \u00e5t konstruktiva f\u00f6rslag och dialog, desto mer bel\u00f6ning f\u00e5r de som \u00e4gnar sig \u00e5t det.<\/p>\n\n\n\n<p>P\u00e5 s\u00e5 s\u00e4tt kan vi alla dra v\u00e5rt lilla str\u00e5 till den stora algoritmstack som v\u00e4ljer vad som ska visas p\u00e5 v\u00e5ra sk\u00e4rmar. Vi kan alla bidra till att l\u00f6sa upp l\u00e5sta positioner n\u00e4r vi visar att vi premierar s\u00e5dant som leder till utveckling och konstruktiv dialog. <\/p>\n","protected":false},"excerpt":{"rendered":"<p>Du kanske t\u00e4nker att du blir styrd av algoritmer &#8211; men i sj\u00e4lva verket har DU stora m\u00f6jligheter att p\u00e5verka vad som ska visas. F\u00f6rst och fr\u00e4mst: Vad \u00e4r en algoritm? I sociala och digitala medier \u00e4r det en samling regler som v\u00e4ljer ut vad som ska visas f\u00f6r just dig. Det p\u00e5verkas till mycket [&hellip;]<\/p>\n","protected":false},"author":1,"featured_media":160,"comment_status":"open","ping_status":"open","sticky":false,"template":"","format":"standard","meta":{"_monsterinsights_skip_tracking":false,"_monsterinsights_sitenote_active":false,"_monsterinsights_sitenote_note":"","_monsterinsights_sitenote_category":0,"_uf_show_specific_survey":0,"_uf_disable_surveys":false,"footnotes":""},"categories":[12],"tags":[],"class_list":["post-157","post","type-post","status-publish","format-standard","has-post-thumbnail","hentry","category-medier"],"aioseo_notices":[],"_links":{"self":[{"href":"https:\/\/gkkommunikation.se\/index.php?rest_route=\/wp\/v2\/posts\/157"}],"collection":[{"href":"https:\/\/gkkommunikation.se\/index.php?rest_route=\/wp\/v2\/posts"}],"about":[{"href":"https:\/\/gkkommunikation.se\/index.php?rest_route=\/wp\/v2\/types\/post"}],"author":[{"embeddable":true,"href":"https:\/\/gkkommunikation.se\/index.php?rest_route=\/wp\/v2\/users\/1"}],"replies":[{"embeddable":true,"href":"https:\/\/gkkommunikation.se\/index.php?rest_route=%2Fwp%2Fv2%2Fcomments&post=157"}],"version-history":[{"count":6,"href":"https:\/\/gkkommunikation.se\/index.php?rest_route=\/wp\/v2\/posts\/157\/revisions"}],"predecessor-version":[{"id":174,"href":"https:\/\/gkkommunikation.se\/index.php?rest_route=\/wp\/v2\/posts\/157\/revisions\/174"}],"wp:featuredmedia":[{"embeddable":true,"href":"https:\/\/gkkommunikation.se\/index.php?rest_route=\/wp\/v2\/media\/160"}],"wp:attachment":[{"href":"https:\/\/gkkommunikation.se\/index.php?rest_route=%2Fwp%2Fv2%2Fmedia&parent=157"}],"wp:term":[{"taxonomy":"category","embeddable":true,"href":"https:\/\/gkkommunikation.se\/index.php?rest_route=%2Fwp%2Fv2%2Fcategories&post=157"},{"taxonomy":"post_tag","embeddable":true,"href":"https:\/\/gkkommunikation.se\/index.php?rest_route=%2Fwp%2Fv2%2Ftags&post=157"}],"curies":[{"name":"wp","href":"https:\/\/api.w.org\/{rel}","templated":true}]}}