{"id":191,"date":"2024-03-05T10:50:01","date_gmt":"2024-03-05T09:50:01","guid":{"rendered":"https:\/\/gkkommunikation.se\/?p=191"},"modified":"2024-03-05T11:17:39","modified_gmt":"2024-03-05T10:17:39","slug":"hur-ser-din-kommunikativa-logik-ut","status":"publish","type":"post","link":"https:\/\/gkkommunikation.se\/?p=191","title":{"rendered":"Hur ser din kommunikativa logik ut?"},"content":{"rendered":"\n<p><strong>Va? Har jag en kommunikativ logik? \u00e4r kanske din f\u00f6rsta tanke. Ja, det har du, svarar jag.<br>Den kommunikativa logiken handlar om vilken syn du och din organisation har p\u00e5 kommunikation. Det finns en gammaldags syn \u2013 kopplad till \u201dgammelmedia\u201d \u2013 d\u00e4r det handlar om att producera och skicka ut information. Mer nutida \u2013 kopplat till bland annat sociala mediers m\u00f6jligheter &#8211; \u00e4r att skapa gemenskap och f\u00f6rst\u00e5else samt att bygga \u00f6msesidigt givande relationer.<\/strong><\/p>\n\n\n\n<p>Den andra punkten i den nyutkomna slutrapporten fr\u00e5n Lunds universitet <a href=\"https:\/\/lnkd.in\/dJeK9Z4V\" title=\"\">Kommunikativa offentliga organisationer \u2013 Strategisk kommunikation som bygger relationer och f\u00f6rtroende<\/a> lyder: \u201dUtg\u00e5 fr\u00e5n den kommunikativa logiken!\u201d<\/p>\n\n\n\n<p>I rapporten s\u00e4gs att flera forskningsprojekt tydligt visar p\u00e5 behovet av ett skifte i synen p\u00e5 kommunikation. Att trots att kommunikation handlar om att skapa dialog och \u00f6msesidig f\u00f6rst\u00e5else g\u00e5r det mycket l\u00e5ngsamt fram\u00e5t. Snarare upplever jag att det verkar som om den gammaldags synen p\u00e5 kommunikation som att \u201ds\u00e4nda, \u00f6vertyga och p\u00e5verka\u201d blir allt starkare.<\/p>\n\n\n\n<p>Det \u00e4r som om det inte h\u00e4nt n\u00e5gonting alls. F\u00f6r m\u00e5nga \u00e5r sedan var jag kommunikationsansvarig i en v\u00e4letablerad organisation. Jag gjorde mitt b\u00e4sta f\u00f6r att bidra till just de h\u00e4r goda relationerna och den gemensamma f\u00f6rst\u00e5elsen, b\u00e5de internt och med externa samarbetspartners. Det ledde till att jag kallades till ett m\u00f6te med chefen och HR-ansvarig som tydligt talade om f\u00f6r mig att \u201dh\u00e4r sysslar vi inte med kommunikation, h\u00e4r sysslar vi med att sprida information\u201d. Jag h\u00f6ll mig f\u00f6r pannan och undrade inom mig vad jag gjorde d\u00e4r, om jag skulle s\u00f6ka nytt jobb. Men jag h\u00f6ll ut, och n\u00e5gra \u00e5r senare h\u00f6ll chefen ett tal d\u00e4r han tackade mig f\u00f6r att jag hade inf\u00f6rt kommunikation i organisationen.<\/p>\n\n\n\n<p>Men det h\u00e4r var som sagt f\u00f6r m\u00e5nga \u00e5r sedan. Synen p\u00e5 kommunikation borde ha \u00e4ndrats. Naturligtvis beh\u00f6ver det fortfarande produceras texter, bilder, filmer och annat informationsmaterial. Men innan detta g\u00f6rs M\u00c5STE organisationen ha tagit sig en rej\u00e4l funderare p\u00e5 vad den beh\u00f6ver g\u00f6ra f\u00f6r att skapa mening och dialog som st\u00e4mmer \u00f6verens med organisationens m\u00e5ls\u00e4ttningar och visioner. Allts\u00e5 fundera igenom sin kommunikativa logik. L\u00e4gga en plan f\u00f6r vilka aktiviteter som leder i \u00f6nskad riktning, vilka aktiviteter som st\u00f6ttar och kompletterar varandra, inklusive var just de mest \u00f6msesidigt givande dialogerna kan uppst\u00e5.<\/p>\n\n\n\n<p>Anv\u00e4nd till exempel inte bara de sociala medierna f\u00f6r att \u201dsprida information\u201d, utan anv\u00e4nd de sociala medierna till att vara just social \u2013 till att bygga och uppr\u00e4tth\u00e5lla relationer med de personer som \u00e4r viktiga f\u00f6r din organisation! R\u00e4tt anv\u00e4nt kanske det kan skapa ett st\u00f6rre v\u00e4rde \u00e4n marknadsunders\u00f6kningar\u2026<\/p>\n","protected":false},"excerpt":{"rendered":"<p>Den kommunikativa logiken handlar om vilken syn du och din organisation har p\u00e5 kommunikation. <\/p>\n","protected":false},"author":1,"featured_media":51,"comment_status":"open","ping_status":"open","sticky":false,"template":"","format":"standard","meta":{"_monsterinsights_skip_tracking":false,"_monsterinsights_sitenote_active":false,"_monsterinsights_sitenote_note":"","_monsterinsights_sitenote_category":0,"_uf_show_specific_survey":0,"_uf_disable_surveys":false,"footnotes":""},"categories":[17],"tags":[],"class_list":["post-191","post","type-post","status-publish","format-standard","has-post-thumbnail","hentry","category-strategisk-kommunikation"],"aioseo_notices":[],"_links":{"self":[{"href":"https:\/\/gkkommunikation.se\/index.php?rest_route=\/wp\/v2\/posts\/191"}],"collection":[{"href":"https:\/\/gkkommunikation.se\/index.php?rest_route=\/wp\/v2\/posts"}],"about":[{"href":"https:\/\/gkkommunikation.se\/index.php?rest_route=\/wp\/v2\/types\/post"}],"author":[{"embeddable":true,"href":"https:\/\/gkkommunikation.se\/index.php?rest_route=\/wp\/v2\/users\/1"}],"replies":[{"embeddable":true,"href":"https:\/\/gkkommunikation.se\/index.php?rest_route=%2Fwp%2Fv2%2Fcomments&post=191"}],"version-history":[{"count":4,"href":"https:\/\/gkkommunikation.se\/index.php?rest_route=\/wp\/v2\/posts\/191\/revisions"}],"predecessor-version":[{"id":198,"href":"https:\/\/gkkommunikation.se\/index.php?rest_route=\/wp\/v2\/posts\/191\/revisions\/198"}],"wp:featuredmedia":[{"embeddable":true,"href":"https:\/\/gkkommunikation.se\/index.php?rest_route=\/wp\/v2\/media\/51"}],"wp:attachment":[{"href":"https:\/\/gkkommunikation.se\/index.php?rest_route=%2Fwp%2Fv2%2Fmedia&parent=191"}],"wp:term":[{"taxonomy":"category","embeddable":true,"href":"https:\/\/gkkommunikation.se\/index.php?rest_route=%2Fwp%2Fv2%2Fcategories&post=191"},{"taxonomy":"post_tag","embeddable":true,"href":"https:\/\/gkkommunikation.se\/index.php?rest_route=%2Fwp%2Fv2%2Ftags&post=191"}],"curies":[{"name":"wp","href":"https:\/\/api.w.org\/{rel}","templated":true}]}}