{"id":92,"date":"2023-06-17T14:46:06","date_gmt":"2023-06-17T12:46:06","guid":{"rendered":"http:\/\/gkkommunikation.se\/?p=92"},"modified":"2023-06-18T17:24:36","modified_gmt":"2023-06-18T15:24:36","slug":"sa-moter-du-alternativa-fakta","status":"publish","type":"post","link":"https:\/\/gkkommunikation.se\/?p=92","title":{"rendered":"S\u00e5 m\u00f6ter du alternativa fakta"},"content":{"rendered":"\n<figure class=\"wp-block-image size-full\"><img loading=\"lazy\" decoding=\"async\" width=\"752\" height=\"423\" src=\"http:\/\/gkkommunikation.se\/wp-content\/uploads\/2023\/06\/Solen.jpg\" alt=\"\" class=\"wp-image-93\" srcset=\"https:\/\/gkkommunikation.se\/wp-content\/uploads\/2023\/06\/Solen.jpg 752w, https:\/\/gkkommunikation.se\/wp-content\/uploads\/2023\/06\/Solen-300x169.jpg 300w\" sizes=\"(max-width: 752px) 100vw, 752px\" \/><\/figure>\n\n\n\n<p><strong>Du ser ett TV-program eller l\u00e4ser ett inl\u00e4gg p\u00e5 sociala medier. Pl\u00f6tsligt inser du hur allt ligger till! Du tillh\u00f6r den lilla grupp av smarta m\u00e4nniskor som har fattat och extra sk\u00f6nt k\u00e4nns det att du till och med f\u00f6rst\u00e5r b\u00e4ttre \u00e4n de som har l\u00e5ng utbildning och erfarenhet inom omr\u00e5det. Du k\u00e4nner att du \u00e4r v\u00e4rd n\u00e5got. Du m\u00e5r helt enkelt gott!&nbsp;<\/strong><\/p>\n\n\n\n<p>De flesta vill m\u00e5 bra och vara lyckliga. En v\u00e4g till lyckan \u00e4r att k\u00e4nna sig bekr\u00e4ftad och att vara en del av en gemenskap.<\/p>\n\n\n\n<p>De flesta alternativa fakta och konspirationsteorier spelar p\u00e5 den h\u00e4r typen av grundl\u00e4ggande k\u00e4nslor och det \u00e4r en av anledningarna till att faktaresistens uppst\u00e5r. F\u00f6r om du skulle ta till dig information som s\u00e4ger emot det du just har l\u00e4rt dig \u2013 vad skulle h\u00e4nda d\u00e5?<\/p>\n\n\n\n<p>Jo, du skulle antagligen bli lite mindre lycklig. Du skulle uppleva det som en f\u00f6rlust p\u00e5 flera s\u00e4tt.<\/p>\n\n\n\n<p>D\u00e4rf\u00f6r h\u00e5ller du fast vid det som g\u00f6r att du m\u00e5r bra \u00e4ven om omv\u00e4rlden \u00f6ser s\u00e5dant som de kallar fakta \u00f6ver dig. Du sl\u00e5r ifr\u00e5n dig med stor kraft eftersom du vet att de \u00e4r ute efter att du ska \u00e4ndra uppfattning. Du m\u00e5r till och med \u00e4nnu b\u00e4ttre av den h\u00e4r kampen eftersom du bevisar f\u00f6r dig sj\u00e4lv hur stark du \u00e4r. Du bli allt mer \u00f6vertygad.<\/p>\n\n\n\n<h2 class=\"wp-block-heading\"><strong>F\u00f6rst\u00e5 den du vill n\u00e5 fram till<\/strong><\/h2>\n\n\n\n<p>Nu byter vi perspektiv. Nu \u00e4r \u201ddu\u201d i st\u00e4llet den som f\u00f6rs\u00f6ker n\u00e5 fram till den som tror p\u00e5 alternativa fakta.<\/p>\n\n\n\n<p>Grunden f\u00f6r all kommunikation \u00e4r att f\u00f6rst\u00e5 den som du vill n\u00e5 fram till. N\u00e4r du \u2013 som i b\u00f6rjan av den h\u00e4r texten &#8211; ser situationen ur m\u00e5lgruppens \u00f6gon f\u00f6rst\u00e5r du problematiken p\u00e5 ett b\u00e4ttre s\u00e4tt. (Ja, jag f\u00f6rst\u00e5r att du g\u00e4rna vill ge den andra personen korrekta fakta s\u00e5 att denne d\u00e4rmed kommer att byta inst\u00e4llning. Men det fungerar som sagt inte.)<\/p>\n\n\n\n<p>Du kommer n\u00e4mligen snart att inse att f\u00f6r den andra personen handlar det egentligen inte om fakta. Det handlar ofta om samh\u00f6righet och om att k\u00e4nna sig utvald. F\u00f6r att n\u00e5 fram beh\u00f6ver du hitta v\u00e4gar som hj\u00e4lper den h\u00e4r personen att forts\u00e4tta m\u00e5 bra eller till och med b\u00e4ttre.<\/p>\n\n\n\n<p>Och det \u00e4r nu som det blir komplicerat.<\/p>\n\n\n\n<h2 class=\"wp-block-heading\"><strong>T\u00e4nk tv\u00e5 tankar samtidigt<\/strong><\/h2>\n\n\n\n<p>Men det finns m\u00f6jligheter. B\u00f6rja med att prata med och lyssna till den h\u00e4r personen, och f\u00f6rs\u00f6k f\u00f6rst\u00e5 vad som \u00e4r viktigt f\u00f6r denna, vad det \u00e4r som g\u00f6r hen till en hj\u00e4lte i personens egna \u00f6gon. F\u00f6rs\u00f6k inte att v\u00e4nda den andra personens perspektiv, utan sikta p\u00e5 att bredda det. De flesta problem har inte en enda enkel l\u00f6sning, utan det finns f\u00f6r det mesta m\u00e5nga olika typer av l\u00f6sningar. Detta g\u00e4ller oberoende av om det handlar om att h\u00e5lla befolkningen frisk, att minska risken att bli utsatt f\u00f6r v\u00e5ld eller att skapa b\u00e4ttre villkor p\u00e5 arbetsmarknaden.<\/p>\n\n\n\n<p>Tillsammans kan ni b\u00f6rja prata om vad problemet egentligen \u00e4r. Det \u00e4r n\u00e4mligen vanligt att olika personer ser olika problem, och d\u00e4rf\u00f6r \u00e4r det inte s\u00e5 konstigt att det blir sv\u00e5rt att komma \u00f6verens om l\u00f6sningar.<\/p>\n\n\n\n<p>N\u00e4r ni \u00e4r \u00f6verens om vilka problem som ska l\u00f6sas blir det enklare prata vidare: Vad kan man g\u00f6ra i var och en av dessa olika situationer? Kan det finnas flera l\u00f6sningar? Kan vissa \u00e5tg\u00e4rder vara b\u00e4ttre i vissa situationer \u00e4n i andra? F\u00f6rhoppningsvis kommer ni fram till att det finns olika typer av \u00e5tg\u00e4rder och att de kan komplettera varandra. Personen du pratar med k\u00e4nner sig n\u00f6jd, f\u00f6r denna k\u00e4nner sig sedd och har dessutom l\u00e4rt sig mer. Hen kan t\u00e4nka tv\u00e5 tankar samtidigt.<\/p>\n\n\n\n<h2 class=\"wp-block-heading\"><strong>Media har en viktig roll<\/strong><\/h2>\n\n\n\n<p>Media \u00e4r viktiga i sammanhanget. Naturligtvis finns det journalister som skriver mycket intressanta och nyanserade texter, men i sin jakt efter klick presenteras fr\u00e5gor ibland p\u00e5 ett s\u00e5dant s\u00e4tt att polariseringen snarare \u00f6kar \u00e4n minskar. Det m\u00e4rks inte minst i politiska sammanhang d\u00e4r anh\u00e4ngare av olika sidor till och med undviker att ta del av \u201dden andra sidans\u201d kanaler. <\/p>\n\n\n\n<p><strong>Hur ska vi d\u00e5 kunna f\u00f6rst\u00e5 varandra?<\/strong>\u00a0<\/p>\n","protected":false},"excerpt":{"rendered":"<p>Du ser ett TV-program eller l\u00e4ser ett inl\u00e4gg p\u00e5 sociala medier. Pl\u00f6tsligt inser du hur allt ligger till! Du tillh\u00f6r den lilla grupp av smarta m\u00e4nniskor som har fattat och extra sk\u00f6nt k\u00e4nns det att du till och med f\u00f6rst\u00e5r b\u00e4ttre \u00e4n de som har l\u00e5ng utbildning och erfarenhet inom omr\u00e5det. Du k\u00e4nner att du [&hellip;]<\/p>\n","protected":false},"author":1,"featured_media":0,"comment_status":"open","ping_status":"open","sticky":false,"template":"","format":"standard","meta":{"_monsterinsights_skip_tracking":false,"_monsterinsights_sitenote_active":false,"_monsterinsights_sitenote_note":"","_monsterinsights_sitenote_category":0,"_uf_show_specific_survey":0,"_uf_disable_surveys":false,"footnotes":""},"categories":[12],"tags":[11],"class_list":["post-92","post","type-post","status-publish","format-standard","hentry","category-medier","tag-alternativa-fakta"],"aioseo_notices":[],"_links":{"self":[{"href":"https:\/\/gkkommunikation.se\/index.php?rest_route=\/wp\/v2\/posts\/92"}],"collection":[{"href":"https:\/\/gkkommunikation.se\/index.php?rest_route=\/wp\/v2\/posts"}],"about":[{"href":"https:\/\/gkkommunikation.se\/index.php?rest_route=\/wp\/v2\/types\/post"}],"author":[{"embeddable":true,"href":"https:\/\/gkkommunikation.se\/index.php?rest_route=\/wp\/v2\/users\/1"}],"replies":[{"embeddable":true,"href":"https:\/\/gkkommunikation.se\/index.php?rest_route=%2Fwp%2Fv2%2Fcomments&post=92"}],"version-history":[{"count":4,"href":"https:\/\/gkkommunikation.se\/index.php?rest_route=\/wp\/v2\/posts\/92\/revisions"}],"predecessor-version":[{"id":140,"href":"https:\/\/gkkommunikation.se\/index.php?rest_route=\/wp\/v2\/posts\/92\/revisions\/140"}],"wp:attachment":[{"href":"https:\/\/gkkommunikation.se\/index.php?rest_route=%2Fwp%2Fv2%2Fmedia&parent=92"}],"wp:term":[{"taxonomy":"category","embeddable":true,"href":"https:\/\/gkkommunikation.se\/index.php?rest_route=%2Fwp%2Fv2%2Fcategories&post=92"},{"taxonomy":"post_tag","embeddable":true,"href":"https:\/\/gkkommunikation.se\/index.php?rest_route=%2Fwp%2Fv2%2Ftags&post=92"}],"curies":[{"name":"wp","href":"https:\/\/api.w.org\/{rel}","templated":true}]}}